{"id":49863,"date":"2026-09-02T10:00:00","date_gmt":"2026-09-02T08:00:00","guid":{"rendered":"https:\/\/padelspeak.com\/ranking-estrellas-del-padel-en-francia\/"},"modified":"2026-09-02T17:36:15","modified_gmt":"2026-09-02T15:36:15","slug":"ranking-estrellas-del-padel-en-francia","status":"publish","type":"post","link":"https:\/\/padelspeak.com\/es\/ranking-estrellas-del-padel-en-francia\/","title":{"rendered":"The p\u00e1del ranking of 52 Stars in France (September 2026)"},"content":{"rendered":"\n<p class=\"wp-block-paragraph\">El p\u00e1del se est\u00e1 haciendo <strong>cada vez m\u00e1s popular<\/strong> en Francia y a muchas celebridades francesas les encanta este <strong>deporte<\/strong> (\u00a1hola, <strong>Cyril Hanouna! <\/strong>).<\/p>\n\n<p class=\"wp-block-paragraph\">Attention on parle bien du <strong>padel <\/strong>(le sport de raquette) et non pas du <em><strong>paddle <\/strong><\/em>(la planche pour aller sur l&#8217;eau) ! \ud83d\ude05<\/p>\n\n<p class=\"wp-block-paragraph\">Voici le dernier <a href=\"https:\/\/padelspeak.com\/classement-padel-france\/\" data-type=\"page\" data-id=\"10914\">classement padel de Septembre 2026<\/a> de c\u00e9l\u00e9brit\u00e9s fran\u00e7aises ainsi que leur <a href=\"https:\/\/padelspeak.com\/meilleure-raquette-padel\/\" data-type=\"post\" data-id=\"37586\">raquette de padel pr\u00e9f\u00e9r\u00e9e en 2026<\/a>.<\/p>\n\n<p class=\"has-base-background-color has-background wp-block-paragraph\">\u27a1\ufe0fEcha un vistazo tambi\u00e9n a: mi ranking de <a href=\"https:\/\/padelspeak.com\/meilleure-raquette-padel\/\" data-type=\"post\" data-id=\"37586\">las mejores palas de p\u00e1del de 2026<\/a>.<\/p>\n\n<p class=\"wp-block-paragraph\">Por ejemplo:<\/p>\n\n<ul class=\"wp-block-list\">\n<li><strong>Cyril Hanouna<\/strong> est class\u00e9 <strong>228 <\/strong>\u00e8me joueur fran\u00e7ais de padel en <strong>Septembre 2026<\/strong>. Il joue avec la <a href=\"https:\/\/padelspeak.com\/go-raquette-adidas-metalbone-team-light-35-2026\" target=\"_blank\" rel=\"noreferrer noopener nofollow\"><mark style=\"background-color:var(--jaune)\" class=\"has-inline-color\">\u27a1\ufe0fraquette de padel Adidas Metalbone Team Light 3.5 2026<\/mark><\/a><\/li>\n\n\n\n<li><strong>Hatem Ben Arfa <\/strong>est class\u00e9 <strong>761 <\/strong>\u00e8me. Il joue avec la <a href=\"https:\/\/padelspeak.com\/go-raquette-babolat-viper-juan-lebron-2026\" target=\"_blank\" rel=\"noreferrer noopener nofollow\"><mark style=\"background-color:var(--jaune)\" class=\"has-inline-color\">\u27a1\ufe0fraquette de padel Babolat Viper Juan Lebron 2026<\/mark><\/a>.<\/li>\n\n\n\n<li><strong>Jules Marie <\/strong>est class\u00e9 <strong>31<\/strong>\u00e8me (<a href=\"https:\/\/padelspeak.com\/go-raquette-tecnifibre-curva-soft--esprit-padel-shop--raquette-de-padel\" target=\"_blank\" rel=\"noreferrer noopener nofollow\"><mark style=\"background-color:var(--jaune)\" class=\"has-inline-color\">\u27a1\ufe0fraquette Technifibre Curva Soft<\/mark><\/a>).<\/li>\n\n\n\n<li><strong>Le Chiquiteur<\/strong> (Cl\u00e9ment Filho) est class\u00e9 <strong>29 <\/strong>\u00e8me (<a href=\"https:\/\/padelspeak.com\/go-raquette-babolat-air-viper-26-2026\" target=\"_blank\" rel=\"noreferrer noopener nofollow\"><mark style=\"background-color:var(--jaune)\" class=\"has-inline-color\">\u27a1\ufe0fraquette Babolat Air Viper 2.6 2026<\/mark><\/a>)<\/li>\n\n\n\n<li><strong>Romain Sichez<\/strong> ocupa el puesto <strong>40 <\/strong>(pala Paloma Padel).<\/li>\n\n\n\n<li><strong>Albano Padel <\/strong>(Alban Mounier) est class\u00e9 <strong>565 <\/strong>\u00e8me (<a href=\"https:\/\/padelspeak.com\/go-raquette-lok-maxx-hype-gen-2-mike-yanguas-2026\" target=\"_blank\" rel=\"noreferrer noopener nofollow\"><mark style=\"background-color:var(--jaune)\" class=\"has-inline-color\">\u27a1\ufe0fraquette Lok Maxx Hype Gen 2 Mike Yanguas 2026<\/mark><\/a>)<\/li>\n\n\n\n<li>&#8230;\u2b07\ufe0fvoir les autres c\u00e9l\u00e9brit\u00e9s ci-dessous\u2b07\ufe0f<\/li>\n<\/ul>\n\n<p class=\"wp-block-paragraph\">N&#8217;h\u00e9site pas \u00e0 <strong><a href=\"https:\/\/padelspeak.com\/contact\/\" data-type=\"page\" data-id=\"21\">nous contacter<\/a> pour ajouter ou modifier le classement<\/strong> de c\u00e9l\u00e9brit\u00e9s joueuses de paddle : sportifs et sportives professionnels, influenceurs et influenceuses, youtubeurs et youtubeuses&#8230;<\/p>\n\n<h2 class=\"wp-block-heading\">Classement padel France de 52 c\u00e9l\u00e9brit\u00e9s (Septembre 2026)<\/h2>\n\n<div class=\"wp-block-buttons is-layout-flex wp-block-buttons-is-layout-flex\">\n<div class=\"wp-block-button\"><a class=\"wp-block-button__link wp-element-button\" href=\"https:\/\/padelspeak.com\/go-esprit-padel-shop-code-promo\" target=\"_blank\" rel=\"noreferrer noopener nofollow\">\u27a1\ufe0fEconomise sur Esprit Padel Shop avec le code <strong>PADELSPEAK<\/strong> (meilleur code garanti)<\/a><\/div>\n<\/div>\n\n<hr class=\"wp-block-separator has-alpha-channel-opacity\" \/>\n\n<figure class=\"wp-block-table is-style-stripes\"><table><thead><tr><th>C\u00e9l\u00e9brit\u00e9<br\/>(ordre alphab\u00e9tique)<\/th><th>Profesi\u00f3n<\/th><th class=\"has-text-align-right\" data-align=\"right\">Classement paddle<br\/>Septembre 2026<\/th><th>Pala de p\u00e1del usada*<\/th><th class=\"has-text-align-right\" data-align=\"right\">Mejor ranking de \u00ab<br\/>\u00bb<\/th><th class=\"has-text-align-center\" data-align=\"center\">Edad<\/th><\/tr><\/thead><tbody><tr><td>Acherchour Walid<\/td><td>Comentarista deportivo<\/td><td class=\"has-text-align-right\" data-align=\"right\">15000<\/td><td><\/td><td class=\"has-text-align-right\" data-align=\"right\">2511<\/td><td class=\"has-text-align-center\" data-align=\"center\">31<\/td><\/tr><tr><td>Ascione Thierry<\/td><td>Jugador de tenis<\/td><td class=\"has-text-align-right\" data-align=\"right\">1500<\/td><td><\/td><td class=\"has-text-align-right\" data-align=\"right\">1500<\/td><td class=\"has-text-align-center\" data-align=\"center\">44<\/td><\/tr><tr><td>Ben Arfa Hatem<\/td><td>Futbolista<\/td><td class=\"has-text-align-right\" data-align=\"right\">761<\/td><td><a href=\"https:\/\/padelspeak.com\/go-raquette-babolat-viper-juan-lebron-2026\" target=\"_blank\" rel=\"noreferrer noopener nofollow\"><mark style=\"background-color:var(--jaune)\" class=\"has-inline-color\">\u27a1\ufe0fBabolat Viper Juan Lebron 2026<\/mark><\/a><\/td><td class=\"has-text-align-right\" data-align=\"right\">711<\/td><td class=\"has-text-align-center\" data-align=\"center\">38<\/td><\/tr><tr><td>Benneteau Julien<\/td><td>Jugador de tenis<\/td><td class=\"has-text-align-right\" data-align=\"right\">nc no<\/td><td><\/td><td class=\"has-text-align-right\" data-align=\"right\">500<\/td><td class=\"has-text-align-center\" data-align=\"center\">43<\/td><\/tr><tr><td>Bizot Pierre-Alexis (Domingo)<\/td><td>Creador de contenido<\/td><td class=\"has-text-align-right\" data-align=\"right\">nc no<\/td><td><\/td><td class=\"has-text-align-right\" data-align=\"right\">14732<\/td><td class=\"has-text-align-center\" data-align=\"center\">30<\/td><\/tr><tr><td>Carrasso C\u00e9dric<\/td><td>Futbolista<\/td><td class=\"has-text-align-right\" data-align=\"right\">nc no<\/td><td><\/td><td class=\"has-text-align-right\" data-align=\"right\">11905<\/td><td class=\"has-text-align-center\" data-align=\"center\">43<\/td><\/tr><tr><td>Chant\u00f4me Cl\u00e9ment<\/td><td>Futbolista<\/td><td class=\"has-text-align-right\" data-align=\"right\">15000<\/td><td><\/td><td class=\"has-text-align-right\" data-align=\"right\">7252<\/td><td class=\"has-text-align-center\" data-align=\"center\">38<\/td><\/tr><tr><td>Cheyrou Benoit<\/td><td>Futbolista<\/td><td class=\"has-text-align-right\" data-align=\"right\">6621<\/td><td><\/td><td class=\"has-text-align-right\" data-align=\"right\">1490<\/td><td class=\"has-text-align-center\" data-align=\"center\">44<\/td><\/tr><tr><td>Ciattoni Nicolas (Cartman)<\/td><td>Presentador<\/td><td class=\"has-text-align-right\" data-align=\"right\">nc no<\/td><td><\/td><td class=\"has-text-align-right\" data-align=\"right\">20626<\/td><td class=\"has-text-align-center\" data-align=\"center\">47<\/td><\/tr><tr><td>Clergue Laura<\/td><td>Jugadora de p\u00e1del<\/td><td class=\"has-text-align-right\" data-align=\"right\">30<\/td><td><a href=\"https:\/\/padelspeak.com\/go-raquette-bullpadel-vertex-05-woman-2026\" target=\"_blank\" rel=\"noreferrer noopener nofollow\"><mark style=\"background-color:var(--jaune)\" class=\"has-inline-color\">\u27a1\ufe0fBullpadel Vertex 05 Woman 2026<\/mark><\/a><\/td><td class=\"has-text-align-right\" data-align=\"right\">2<\/td><td class=\"has-text-align-center\" data-align=\"center\">35<\/td><\/tr><tr><td>Colazzina R\u00e9my (Hola Los Padelistos)<\/td><td>Creador de contenido<\/td><td class=\"has-text-align-right\" data-align=\"right\">522<\/td><td><\/td><td class=\"has-text-align-right\" data-align=\"right\">493<\/td><td class=\"has-text-align-center\" data-align=\"center\">35<\/td><\/tr><tr><td>Collombon Alix<\/td><td>Jugadora de p\u00e1del<\/td><td class=\"has-text-align-right\" data-align=\"right\">1<\/td><td><a href=\"https:\/\/padelspeak.com\/go-raquette-wilson-blade-pro-v3-2024\" target=\"_blank\" rel=\"noreferrer noopener nofollow\"><mark style=\"background-color:var(--jaune)\" class=\"has-inline-color\">\u27a1\ufe0fWilson Blade Pro V3<\/mark><\/a><\/td><td class=\"has-text-align-right\" data-align=\"right\">1<\/td><td class=\"has-text-align-center\" data-align=\"center\">32<\/td><\/tr><tr><td>Coupet Gr\u00e9gory<\/td><td>Futbolista<\/td><td class=\"has-text-align-right\" data-align=\"right\">10000<\/td><td><\/td><td class=\"has-text-align-right\" data-align=\"right\">4396<\/td><td class=\"has-text-align-center\" data-align=\"center\">52<\/td><\/tr><tr><td>Danic Ga\u00ebl<\/td><td>Futbolista<\/td><td class=\"has-text-align-right\" data-align=\"right\">932<\/td><td><\/td><td class=\"has-text-align-right\" data-align=\"right\">827<\/td><td class=\"has-text-align-center\" data-align=\"center\">43<\/td><\/tr><tr><td>Delort Andy<\/td><td>Futbolista<\/td><td class=\"has-text-align-right\" data-align=\"right\">46935<\/td><td><\/td><td class=\"has-text-align-right\" data-align=\"right\">41762<\/td><td class=\"has-text-align-center\" data-align=\"center\">33<\/td><\/tr><tr><td>Deschamps Didier<\/td><td>Futbolista<\/td><td class=\"has-text-align-right\" data-align=\"right\">nc no<\/td><td><\/td><td class=\"has-text-align-right\" data-align=\"right\">16189<\/td><td class=\"has-text-align-center\" data-align=\"center\">56<\/td><\/tr><tr><td>Di Pasquale Arnaud<\/td><td>Jugador de tenis<\/td><td class=\"has-text-align-right\" data-align=\"right\">750<\/td><td><\/td><td class=\"has-text-align-right\" data-align=\"right\">40<\/td><td class=\"has-text-align-center\" data-align=\"center\">46<\/td><\/tr><tr><td>Douchez Nicolas<\/td><td>Futbolista<\/td><td class=\"has-text-align-right\" data-align=\"right\">nc no<\/td><td><\/td><td class=\"has-text-align-right\" data-align=\"right\">43317<\/td><td class=\"has-text-align-center\" data-align=\"center\">45<\/td><\/tr><tr><td>Dulin Brice<\/td><td>Jugador de rugby<\/td><td class=\"has-text-align-right\" data-align=\"right\">40588<\/td><td><\/td><td class=\"has-text-align-right\" data-align=\"right\">21143<\/td><td class=\"has-text-align-center\" data-align=\"center\">35<\/td><\/tr><tr><td>Fernandez J\u00e9r\u00f4me<\/td><td>Lanzador<\/td><td class=\"has-text-align-right\" data-align=\"right\">7921<\/td><td><\/td><td class=\"has-text-align-right\" data-align=\"right\">1223<\/td><td class=\"has-text-align-center\" data-align=\"center\">48<\/td><\/tr><tr><td>Filho Cl\u00e9ment (Le Chiquiteur)<\/td><td>Creador de contenido<\/td><td class=\"has-text-align-right\" data-align=\"right\">29<\/td><td><a href=\"https:\/\/padelspeak.com\/go-raquette-babolat-air-viper-26-2026\" target=\"_blank\" rel=\"noreferrer noopener nofollow\"><mark style=\"background-color:var(--jaune)\" class=\"has-inline-color\">\u27a1\ufe0fBabolat Air Viper 2.6 2026<\/mark><\/a><\/td><td class=\"has-text-align-right\" data-align=\"right\">27<\/td><td class=\"has-text-align-center\" data-align=\"center\">29<\/td><\/tr><tr><td>Gilant Joffrey<\/td><td>Empresario<\/td><td class=\"has-text-align-right\" data-align=\"right\">nc no<\/td><td><\/td><td class=\"has-text-align-right\" data-align=\"right\">201<\/td><td class=\"has-text-align-center\" data-align=\"center\">30<\/td><\/tr><tr><td>Giuly Ludovic<\/td><td>Futbolista<\/td><td class=\"has-text-align-right\" data-align=\"right\">19802<\/td><td><\/td><td class=\"has-text-align-right\" data-align=\"right\">11980<\/td><td class=\"has-text-align-center\" data-align=\"center\">49<\/td><\/tr><tr><td>Gonalons Maxime<\/td><td>Futbolista<\/td><td class=\"has-text-align-right\" data-align=\"right\">11947<\/td><td><\/td><td class=\"has-text-align-right\" data-align=\"right\">9110<\/td><td class=\"has-text-align-center\" data-align=\"center\">36<\/td><\/tr><tr><td>Godallier L\u00e9a<\/td><td>Jugadora de p\u00e1del<\/td><td class=\"has-text-align-right\" data-align=\"right\">2<\/td><td><a href=\"https:\/\/padelspeak.com\/go-raquette-nox-ventus-hybrid-12k-lite-2026\" target=\"_blank\" rel=\"noreferrer noopener nofollow\"><mark style=\"background-color:var(--jaune)\" class=\"has-inline-color\">\u27a1\ufe0fNox Ventus Hybrid 12k Lite 2026<\/mark><\/a><\/td><td class=\"has-text-align-right\" data-align=\"right\">1<\/td><td class=\"has-text-align-center\" data-align=\"center\">29<\/td><\/tr><tr><td>Grenier Cl\u00e9ment<\/td><td>Futbolista<\/td><td class=\"has-text-align-right\" data-align=\"right\">5425<\/td><td><\/td><td class=\"has-text-align-right\" data-align=\"right\">4227<\/td><td class=\"has-text-align-center\" data-align=\"center\">34<\/td><\/tr><tr><td>Hanouna Cyril<\/td><td>Presentador<\/td><td class=\"has-text-align-right\" data-align=\"right\">228<\/td><td><a href=\"https:\/\/padelspeak.com\/go-raquette-adidas-metalbone-team-light-35-2026\" target=\"_blank\" rel=\"noreferrer noopener nofollow\"><mark style=\"background-color:var(--jaune)\" class=\"has-inline-color\">\u27a1\ufe0fAdidas Metalbone Team Light 3.5 2026<\/mark><\/a><\/td><td class=\"has-text-align-right\" data-align=\"right\">56<\/td><td class=\"has-text-align-center\" data-align=\"center\">50<\/td><\/tr><tr><td>Jallet Christophe<\/td><td>Futbolista<\/td><td class=\"has-text-align-right\" data-align=\"right\">10000<\/td><td><\/td><td class=\"has-text-align-right\" data-align=\"right\">1175<\/td><td class=\"has-text-align-center\" data-align=\"center\">41<\/td><\/tr><tr><td>Karabatic Nikola<\/td><td>Jugador de balonmano<\/td><td class=\"has-text-align-right\" data-align=\"right\">nc no<\/td><td><\/td><td class=\"has-text-align-right\" data-align=\"right\">51238<\/td><td class=\"has-text-align-center\" data-align=\"center\">41<\/td><\/tr><tr><td>Kretz Valentin<\/td><td>Agente inmobiliario<\/td><td class=\"has-text-align-right\" data-align=\"right\">15000<\/td><td><\/td><td class=\"has-text-align-right\" data-align=\"right\">6076<\/td><td class=\"has-text-align-center\" data-align=\"center\">25<\/td><\/tr><tr><td>Lemoine Fabien<\/td><td>Futbolista<\/td><td class=\"has-text-align-right\" data-align=\"right\">3604<\/td><td><\/td><td class=\"has-text-align-right\" data-align=\"right\">3282<\/td><td class=\"has-text-align-center\" data-align=\"center\">38<\/td><\/tr><tr><td>Leygue Thomas<\/td><td>Jugador de p\u00e1del<\/td><td class=\"has-text-align-right\" data-align=\"right\">2<\/td><td><a href=\"https:\/\/padelspeak.com\/go-raquette-wilson-bela-pro-v3-2025\" target=\"_blank\" rel=\"noreferrer noopener\"><mark style=\"background-color:var(--jaune)\" class=\"has-inline-color\">\u27a1\ufe0fWilson Bela Pro V3<\/mark><\/a><\/td><td class=\"has-text-align-right\" data-align=\"right\">1<\/td><td class=\"has-text-align-center\" data-align=\"center\">23<\/td><\/tr><tr><td>Marie Jules<\/td><td>Jugador de p\u00e1del<\/td><td class=\"has-text-align-right\" data-align=\"right\">31<\/td><td><a href=\"https:\/\/padelspeak.com\/go-raquette-tecnifibre-curva-soft--esprit-padel-shop--raquette-de-padel\" target=\"_blank\" rel=\"noreferrer noopener\"><mark style=\"background-color:var(--jaune)\" class=\"has-inline-color\">\u27a1\ufe0fTechnifibre Curva Soft<\/mark><\/a><\/td><td class=\"has-text-align-right\" data-align=\"right\">30<\/td><td class=\"has-text-align-center\" data-align=\"center\">33<\/td><\/tr><tr><td>Mandanda Steve<\/td><td>Futbolista<\/td><td class=\"has-text-align-right\" data-align=\"right\">1389<\/td><td><\/td><td class=\"has-text-align-right\" data-align=\"right\">1389<\/td><td class=\"has-text-align-center\" data-align=\"center\">40<\/td><\/tr><tr><td>Menez J\u00e9r\u00e9my<\/td><td>Futbolista<\/td><td class=\"has-text-align-right\" data-align=\"right\">59062<\/td><td><\/td><td class=\"has-text-align-right\" data-align=\"right\">46475<\/td><td class=\"has-text-align-center\" data-align=\"center\">39<\/td><\/tr><tr><td>Mounier Alban (Albano Padel)<\/td><td>Creador de contenido<\/td><td class=\"has-text-align-right\" data-align=\"right\">565<\/td><td><a href=\"https:\/\/padelspeak.com\/go-raquette-lok-maxx-hype-gen-2-mike-yanguas-2026\" target=\"_blank\" rel=\"noreferrer noopener\"><mark style=\"background-color:var(--jaune)\" class=\"has-inline-color\">\u27a1\ufe0fLok Maxx Hype Gen 2 Mike Yanguas 2026<\/mark><\/a><\/td><td class=\"has-text-align-right\" data-align=\"right\">536<\/td><td class=\"has-text-align-center\" data-align=\"center\">27<\/td><\/tr><tr><td>Omeyer Thierry<\/td><td>Jugador de balonmano<\/td><td class=\"has-text-align-right\" data-align=\"right\">15000<\/td><td><\/td><td class=\"has-text-align-right\" data-align=\"right\">3040<\/td><td class=\"has-text-align-center\" data-align=\"center\">48<\/td><\/tr><tr><td>Orlinski Richard<\/td><td>Artista<\/td><td class=\"has-text-align-right\" data-align=\"right\">10000<\/td><td><\/td><td class=\"has-text-align-right\" data-align=\"right\">2398<\/td><td class=\"has-text-align-center\" data-align=\"center\">69<\/td><\/tr><tr><td>Paire Beno\u00eet<\/td><td>Jugador de tenis<\/td><td class=\"has-text-align-right\" data-align=\"right\">nc no<\/td><td><\/td><td class=\"has-text-align-right\" data-align=\"right\">60<\/td><td class=\"has-text-align-center\" data-align=\"center\">36<\/td><\/tr><tr><td>Piquionne Fr\u00e9d\u00e9ric<\/td><td>Futbolista<\/td><td class=\"has-text-align-right\" data-align=\"right\">71550<\/td><td><\/td><td class=\"has-text-align-right\" data-align=\"right\">31338<\/td><td class=\"has-text-align-center\" data-align=\"center\">46<\/td><\/tr><tr><td>Pivot Xavier (Xari)<\/td><td>Creador de contenido<\/td><td class=\"has-text-align-right\" data-align=\"right\">25000<\/td><td><\/td><td class=\"has-text-align-right\" data-align=\"right\">14946<\/td><td class=\"has-text-align-center\" data-align=\"center\">32<\/td><\/tr><tr><td>Pouille Lucas<\/td><td>Jugador de tenis<\/td><td class=\"has-text-align-right\" data-align=\"right\">90380<\/td><td><\/td><td class=\"has-text-align-right\" data-align=\"right\">150<\/td><td class=\"has-text-align-center\" data-align=\"center\">31<\/td><\/tr><tr><td>Poulain L\u00e9o<\/td><td>Jugador de p\u00e1del<\/td><td class=\"has-text-align-right\" data-align=\"right\">140<\/td><td><\/td><td class=\"has-text-align-right\" data-align=\"right\">109<\/td><td class=\"has-text-align-center\" data-align=\"center\">26<\/td><\/tr><tr><td>Servat William<\/td><td>Jugador de rugby<\/td><td class=\"has-text-align-right\" data-align=\"right\">63927<\/td><td><\/td><td class=\"has-text-align-right\" data-align=\"right\">18006<\/td><td class=\"has-text-align-center\" data-align=\"center\">47<\/td><\/tr><tr><td>Seurin Julien<\/td><td>Jugador de p\u00e1del<\/td><td class=\"has-text-align-right\" data-align=\"right\">5<\/td><td><\/td><td class=\"has-text-align-right\" data-align=\"right\">4<\/td><td class=\"has-text-align-center\" data-align=\"center\">27<\/td><\/tr><tr><td>Sichez Romain<\/td><td>Jugador de tenis<\/td><td class=\"has-text-align-right\" data-align=\"right\">40<\/td><td>Paloma Padel<\/td><td class=\"has-text-align-right\" data-align=\"right\">40<\/td><td class=\"has-text-align-center\" data-align=\"center\">35<\/td><\/tr><tr><td>Sinama-Pongolle Florent<\/td><td>Futbolista<\/td><td class=\"has-text-align-right\" data-align=\"right\">nc no<\/td><td><\/td><td class=\"has-text-align-right\" data-align=\"right\">3708<\/td><td class=\"has-text-align-center\" data-align=\"center\">40<\/td><\/tr><tr><td>Vachon L\u00e9o (MS Padel)<\/td><td>Creador de contenido<\/td><td class=\"has-text-align-right\" data-align=\"right\">3486<\/td><td><\/td><td class=\"has-text-align-right\" data-align=\"right\">3486<\/td><td class=\"has-text-align-center\" data-align=\"center\">25<\/td><\/tr><tr><td>Vieira Patrick<\/td><td>Futbolista<\/td><td class=\"has-text-align-right\" data-align=\"right\">118241<\/td><td><\/td><td class=\"has-text-align-right\" data-align=\"right\">91930<\/td><td class=\"has-text-align-center\" data-align=\"center\">49<\/td><\/tr><tr><td>Wiltord Sylvain<\/td><td>Futbolista<\/td><td class=\"has-text-align-right\" data-align=\"right\">4273<\/td><td><\/td><td class=\"has-text-align-right\" data-align=\"right\">1713<\/td><td class=\"has-text-align-center\" data-align=\"center\">50<\/td><\/tr><tr><td>Zapata Pizzaro Teodoro Victor<\/td><td>Jugador de p\u00e1del<\/td><td class=\"has-text-align-right\" data-align=\"right\">2<\/td><td><\/td><td class=\"has-text-align-right\" data-align=\"right\">1<\/td><td class=\"has-text-align-center\" data-align=\"center\">30<\/td><\/tr><tr><td>Zidane Zinedine<\/td><td>Futbolista<\/td><td class=\"has-text-align-right\" data-align=\"right\">nc no<\/td><td><\/td><td class=\"has-text-align-right\" data-align=\"right\">nc no<\/td><td class=\"has-text-align-center\" data-align=\"center\">53<\/td><\/tr><\/tbody><\/table><\/figure>\n\n<p class=\"wp-block-paragraph\"><em>Source : classement officiel FFT \/ TenUp (Septembre 2026)<\/em><\/p>\n\n<hr class=\"wp-block-separator has-alpha-channel-opacity\" \/>\n\n<p class=\"wp-block-paragraph\"><\/p>\n\n<h2 class=\"wp-block-heading\">Tus preguntas sobre este ranking de p\u00e1del<\/h2>\n\n<h3 class=\"wp-block-heading\">Qui est le meilleur joueur de padel fran\u00e7ais en Septembre 2026?<\/h3>\n\n<p class=\"wp-block-paragraph\">Le meilleur joueur de padel fran\u00e7ais en Septembre 2026 est <strong>Dylan Guichard<\/strong>, class\u00e9 n\u00b0<strong>86 <\/strong>mondial au <a href=\"https:\/\/padelspeak.com\/classement-padel-mondial-homme\/\">dernier classement mondial FIP<\/a> (31 ao\u00fbt 2026). Dylan joue avec la raquette <a href=\"https:\/\/padelspeak.com\/go-raquette-de-padel-kuikma-power-pro\" target=\"_blank\" rel=\"noreferrer noopener nofollow\"><mark style=\"background-color:var(--jaune)\" class=\"has-inline-color\">\u27a1\ufe0fKuikma Power Pro<\/mark><\/a>.<\/p>\n\n<h3 class=\"wp-block-heading\">\u00bfD\u00f3nde puedes comprar el mismo material de p\u00e1del que estas celebridades francesas?<\/h3>\n\n<p class=\"wp-block-paragraph\">Estas celebridades utilizan material profesional que puedes encontrar en nuestros socios:<\/p>\n\n<ul class=\"wp-block-list\">\n<li><a href=\"https:\/\/padelspeak.com\/codes-promos\/code-promo-esprit-padel-shop\/\">Esprit Padel Shop : code promo <\/a><strong><a href=\"https:\/\/padelspeak.com\/codes-promos\/code-promo-esprit-padel-shop\/\">PADELSPEAK<\/a> <\/strong>: le meilleur code promo existant (et align\u00e9) chez le leader du padel en France.<\/li>\n\n\n\n<li><a href=\"https:\/\/padelspeak.com\/codes-promos\/code-promo-bounce-tennis-padel\/\">Bounce Tennis Padel (code <strong>PADELSPEAK<\/strong>)<\/a> : le <a href=\"https:\/\/padelspeak.com\/pressurisateur-balle-padel\/\" data-type=\"page\" data-id=\"13862\">meilleur pressurisateur de balles de padel<\/a> du march\u00e9.<\/li>\n\n\n\n<li><a href=\"https:\/\/padelspeak.com\/meilleures-chaussures-padel\/\">Las mejores zapatillas de p\u00e1del de 2026<\/a>: gu\u00eda de compra completa para elegir tus zapatillas de p\u00e1del.<\/li>\n\n\n\n<li><a href=\"https:\/\/padelspeak.com\/idee-cadeau-padel\/\">+10 ideas de regalos de p\u00e1del<\/a>: para regalar material a tus amigos y familiares.<\/li>\n<\/ul>\n\n<p class=\"has-base-background-color has-background wp-block-paragraph\">\u27a1\ufe0fAntes de comprar la <a href=\"https:\/\/padelspeak.com\/meilleure-raquette-padel\/\" data-type=\"post\" data-id=\"37586\" target=\"_blank\" rel=\"noreferrer noopener\">pala de p\u00e1del<\/a> del jugador favorito, lee <a href=\"https:\/\/padelspeak.com\/esprit-padel-shop-avis\/\" target=\"_blank\" rel=\"noreferrer noopener\">mi rese\u00f1a completa sobre Esprit Padel Shop<\/a>.<\/p>\n\n<hr class=\"wp-block-separator has-alpha-channel-opacity\" \/>\n\n<p class=\"wp-block-paragraph\"><strong>Actualizaciones:<\/strong><\/p>\n\n<ul class=\"wp-block-list\">\n<li><strong>02\/09\/2026 <\/strong>: mise \u00e0 jour du classement padel de <strong>Septembre 2026<\/strong> pour <strong>52 <\/strong>c\u00e9l\u00e9brit\u00e9s<\/li>\n\n\n\n<li><strong>10\/08\/2026 <\/strong>: mise \u00e0 jour du classement padel d<strong>&#8216;Ao\u00fbt 2026<\/strong> pour <strong>52 <\/strong>c\u00e9l\u00e9brit\u00e9s<\/li>\n\n\n\n<li><strong>07\/07\/2026 <\/strong>: mise \u00e0 jour du classement padel de <strong>Juillet 2026<\/strong> pour <strong>52 <\/strong>c\u00e9l\u00e9brit\u00e9s<\/li>\n\n\n\n<li><strong>04\/06\/2026 <\/strong>: mise \u00e0 jour du classement padel de <strong>Juin 2026<\/strong> pour <strong>52 <\/strong>c\u00e9l\u00e9brit\u00e9s<\/li>\n\n\n\n<li><strong>06\/05\/2026 <\/strong>: mise \u00e0 jour du classement padel de <strong>Mai 2026<\/strong> pour <strong>52 <\/strong>c\u00e9l\u00e9brit\u00e9s<\/li>\n\n\n\n<li><strong>08\/04\/2026: <\/strong> actualizaci\u00f3n del ranking de p\u00e1del de <strong>abril de 2026<\/strong> para <strong>52 famosos <\/strong><\/li>\n\n\n\n<li><strong>27\/03\/2026: <\/strong> se han a\u00f1adido las<a href=\"https:\/\/padelspeak.com\/meilleure-raquette-padel\/\" data-type=\"post\" data-id=\"37586\"> palas de p\u00e1del<\/a> que usan las celebridades francesas<\/li>\n\n\n\n<li><strong>15\/03\/2026: <\/strong> se ha a\u00f1adido a <strong>J\u00e9r\u00e9my Menez<\/strong> (futbolista internacional). Total: <strong>52 famosos <\/strong> <\/li>\n\n\n\n<li><strong>05\/03\/2026 <\/strong>: mise \u00e0 jour du classement paddle de <strong>Mars 2026<\/strong> pour <strong>51 <\/strong>c\u00e9l\u00e9brit\u00e9s<\/li>\n\n\n\n<li><strong>07\/01\/2026: <\/strong> actualizaci\u00f3n del ranking de p\u00e1del de <strong>febrero de 2026<\/strong> para <strong>51 famosos <\/strong><\/li>\n\n\n\n<li><strong>08\/01\/2026: <\/strong> se han a\u00f1adido <strong>Patrick Vieira<\/strong> (futbolista internacional &#8211; entrenador) y <strong>Maxime Gonalons<\/strong> (futbolista)<\/li>\n\n\n\n<li><strong>07\/01\/2026: <\/strong> actualizaci\u00f3n del ranking de p\u00e1del de <strong>enero de 2026<\/strong> para <strong>49 famosos <\/strong><\/li>\n\n\n\n<li><strong>03\/12\/2025: <\/strong> actualizaci\u00f3n del ranking de p\u00e1del de <strong>diciembre de 2025<\/strong> para <strong>49 famosos <\/strong><\/li>\n\n\n\n<li><strong>05\/11\/2025: <\/strong> actualizaci\u00f3n del ranking de p\u00e1del de <strong>noviembre de 2025<\/strong> para <strong>49 famosos <\/strong><\/li>\n\n\n\n<li><strong>03\/11\/2025: <\/strong> se ha a\u00f1adido a <strong> \u00abChiquiteur\u00bb (nombre real: Cl\u00e9ment Filho)<\/strong> (creador de contenido)<\/li>\n\n\n\n<li><strong>02\/11\/2025: <\/strong> se ha a\u00f1adido <strong> \u00abAlbano Padel\u00bb (nombre real: Alban Mounier)<\/strong> (creador de contenido en Instagram)<\/li>\n\n\n\n<li><strong>01\/11\/2025: <\/strong> se ha a\u00f1adido a <strong><strong>\u00abHola Los Padelistos<\/strong>\u00bb (nombre real: R\u00e9my Colazzina)<\/strong> (creador de contenido)<\/li>\n\n\n\n<li><strong>31\/10\/2025: <\/strong> se ha a\u00f1adido a <strong>Steve Mandanda<\/strong> (futbolista internacional &#8211; retirado)<\/li>\n\n\n\n<li><strong>18\/10\/2025: <\/strong> se ha a\u00f1adido a <strong>Fr\u00e9d\u00e9ric Piquionne<\/strong> (futbolista &#8211; retirado)<\/li>\n\n\n\n<li><strong>17\/10\/2025: <\/strong> se ha a\u00f1adido a <strong>Romain Sichez<\/strong> (antiguo tenista y actual jugador de p\u00e1del)<\/li>\n\n\n\n<li><strong>16\/10\/2025: <\/strong> se a\u00f1ade el mejor jugador franc\u00e9s de p\u00e1del de 2025<\/li>\n\n\n\n<li><strong>07\/10\/2025: <\/strong> actualizaci\u00f3n del ranking de p\u00e1del de <strong>octubre de 2025<\/strong> para <strong>42 famosos <\/strong><\/li>\n\n\n\n<li><strong>05\/09\/2025: <\/strong> se ha a\u00f1adido el ranking de p\u00e1del de <strong>Cl\u00e9ment Grenier ( <\/strong>futbolista) y <strong>Fabien Lemoine<\/strong> (futbolista retirado)<\/li>\n\n\n\n<li><strong>02\/09\/2025: <\/strong> actualizaci\u00f3n del ranking de p\u00e1del de <strong>septiembre de 2025<\/strong> para <strong>39 famosos <\/strong><\/li>\n\n\n\n<li><strong>05\/08\/2025: <\/strong> actualizaci\u00f3n del ranking de p\u00e1del <strong>de 39 famosos <\/strong>para <strong>agosto de 2025<\/strong><\/li>\n\n\n\n<li><strong>11\/07\/2025<\/strong>: se ha a\u00f1adido el ranking de p\u00e1del de <strong>Benoit Cheyrou<\/strong> (futbolista retirado) y <strong>Christophe Jallet<\/strong> (futbolista retirado)<\/li>\n\n\n\n<li><strong>06\/07\/2025<\/strong>: se ha a\u00f1adido el ranking de p\u00e1del de <strong>C\u00e9dric Carrasso<\/strong> (futbolista retirado) y <strong>Brice Dulin<\/strong> (jugador de rugby)<\/li>\n\n\n\n<li><strong>03\/07\/2025<\/strong>: se ha a\u00f1adido el ranking de p\u00e1del de <strong>Nicolas Karabatic ( <\/strong>jugador de balonmano retirado) y <strong>Julien Benneteau<\/strong> (jugador de tenis retirado)<\/li>\n\n\n\n<li><strong>02\/07\/2025<\/strong> : mise \u00e0 jour du classement paddle de <strong>Juillet 2025<\/strong><\/li>\n\n\n\n<li><strong>24\/06\/2025<\/strong>: se ha a\u00f1adido el ranking del jugador de tenis franc\u00e9s<strong> Beno\u00eet Paire<\/strong>, del jugador de tenis franc\u00e9s (retirado) <strong>Thierry Ascione<\/strong> y del comentarista deportivo Walid Acherchour<\/li>\n\n\n\n<li><strong>03\/06\/2025<\/strong>: se ha a\u00f1adido el ranking del presentador <strong>Cartman ( <\/strong>nombre real: <strong>Nicolas CIATTONI<\/strong>)<\/li>\n\n\n\n<li><strong>03\/06\/2025<\/strong> : ajout des classements de <strong>Juillet 2025<\/strong><\/li>\n\n\n\n<li><strong>23\/05\/2025<\/strong>: se ha incorporado <strong>William Servat<\/strong>, exjugador internacional de rugby franc\u00e9s y entrenador de la selecci\u00f3n francesa de rugby<\/li>\n\n\n\n<li><strong>07\/05\/2025<\/strong> : ajout des classements de <strong>Juin 2025<\/strong><\/li>\n<\/ul>\n\n<p class=\"has-base-background-color has-background wp-block-paragraph\"><em>*Les liens propos\u00e9s ci-dessus sont des liens affili\u00e9s. Padel Speak touchera une petite commission si tu utilises ces liens lors de ta commande sur une boutique partenaire. Sache que tu ne payes pas plus lorsque tu utilises ces liens. C\u2019est le commer\u00e7ant qui nous reverse une petite commission. MERCI \u00e0 toi car cela nous permet de financer nos contenus et guides d&#8217;achat. \ud83d\ude0a<\/em><\/p>\n\n\n<div class=\"kk-star-ratings kksr-auto kksr-align-right kksr-valign-bottom\"\n    data-payload='{&quot;align&quot;:&quot;right&quot;,&quot;id&quot;:&quot;49863&quot;,&quot;slug&quot;:&quot;default&quot;,&quot;valign&quot;:&quot;bottom&quot;,&quot;ignore&quot;:&quot;&quot;,&quot;reference&quot;:&quot;auto&quot;,&quot;class&quot;:&quot;&quot;,&quot;count&quot;:&quot;9&quot;,&quot;legendonly&quot;:&quot;&quot;,&quot;readonly&quot;:&quot;&quot;,&quot;score&quot;:&quot;4.8&quot;,&quot;starsonly&quot;:&quot;&quot;,&quot;best&quot;:&quot;5&quot;,&quot;gap&quot;:&quot;1&quot;,&quot;greet&quot;:&quot;post&quot;,&quot;legend&quot;:&quot;4.8\\\/5 - (9 votos)&quot;,&quot;size&quot;:&quot;24&quot;,&quot;title&quot;:&quot;The p\u00e1del ranking of 52 Stars in France (September 2026)&quot;,&quot;width&quot;:&quot;119.5&quot;,&quot;_legend&quot;:&quot;{score}\\\/{best} - ({count} {votes})&quot;,&quot;font_factor&quot;:&quot;1.25&quot;}'>\n            \n<div class=\"kksr-stars\">\n    \n<div class=\"kksr-stars-inactive\">\n            <div class=\"kksr-star\" data-star=\"1\" style=\"padding-right: 1px\">\n            \n\n<div class=\"kksr-icon\" style=\"width: 24px; height: 24px;\"><\/div>\n        <\/div>\n            <div class=\"kksr-star\" data-star=\"2\" style=\"padding-right: 1px\">\n            \n\n<div class=\"kksr-icon\" style=\"width: 24px; height: 24px;\"><\/div>\n        <\/div>\n            <div class=\"kksr-star\" data-star=\"3\" style=\"padding-right: 1px\">\n            \n\n<div class=\"kksr-icon\" style=\"width: 24px; height: 24px;\"><\/div>\n        <\/div>\n            <div class=\"kksr-star\" data-star=\"4\" style=\"padding-right: 1px\">\n            \n\n<div class=\"kksr-icon\" style=\"width: 24px; height: 24px;\"><\/div>\n        <\/div>\n            <div class=\"kksr-star\" data-star=\"5\" style=\"padding-right: 1px\">\n            \n\n<div class=\"kksr-icon\" style=\"width: 24px; height: 24px;\"><\/div>\n        <\/div>\n    <\/div>\n    \n<div class=\"kksr-stars-active\" style=\"width: 119.5px;\">\n            <div class=\"kksr-star\" style=\"padding-right: 1px\">\n            \n\n<div class=\"kksr-icon\" style=\"width: 24px; height: 24px;\"><\/div>\n        <\/div>\n            <div class=\"kksr-star\" style=\"padding-right: 1px\">\n            \n\n<div class=\"kksr-icon\" style=\"width: 24px; height: 24px;\"><\/div>\n        <\/div>\n            <div class=\"kksr-star\" style=\"padding-right: 1px\">\n            \n\n<div class=\"kksr-icon\" style=\"width: 24px; height: 24px;\"><\/div>\n        <\/div>\n            <div class=\"kksr-star\" style=\"padding-right: 1px\">\n            \n\n<div class=\"kksr-icon\" style=\"width: 24px; height: 24px;\"><\/div>\n        <\/div>\n            <div class=\"kksr-star\" style=\"padding-right: 1px\">\n            \n\n<div class=\"kksr-icon\" style=\"width: 24px; height: 24px;\"><\/div>\n        <\/div>\n    <\/div>\n<\/div>\n                \n\n<div class=\"kksr-legend\" style=\"font-size: 19.2px;\">\n            4.8\/5 - (9 votos)    <\/div>\n    <\/div>\n","protected":false},"excerpt":{"rendered":"","protected":false},"author":1,"featured_media":49862,"comment_status":"open","ping_status":"closed","sticky":false,"template":"","format":"standard","meta":{"_acf_changed":false,"_seopress_titles_title":"Ranking de p\u00e1del de las estrellas (Hanouna...) en Francia en %%currentmonth%% %%currentyear%%","_seopress_titles_desc":"","_seopress_robots_index":"","_seopress_robots_follow":"","_seopress_robots_imageindex":"","_seopress_robots_snippet":"","_seopress_robots_primary_cat":"none","_seopress_robots_breadcrumbs":"","_seopress_robots_freeze_modified_date":"","_seopress_robots_custom_modified_date":"","_seopress_robots_canonical":"","_seopress_social_fb_title":"","_seopress_social_fb_desc":"","_seopress_social_fb_img":"","_seopress_social_fb_img_attachment_id":0,"_seopress_social_fb_img_width":0,"_seopress_social_fb_img_height":0,"_seopress_social_twitter_title":"","_seopress_social_twitter_desc":"","_seopress_social_twitter_img":"","_seopress_social_twitter_img_attachment_id":0,"_seopress_social_twitter_img_width":0,"_seopress_social_twitter_img_height":0,"_seopress_redirections_value":"","_seopress_redirections_enabled":"","_seopress_redirections_enabled_regex":"","_seopress_redirections_logged_status":"ambos","_seopress_redirections_param":"","_seopress_redirections_type":301,"_seopress_analysis_target_kw":"","_seopress_news_disabled":"","_seopress_video_disabled":"","_seopress_video":[],"_seopress_pro_schemas_manual":[],"_seopress_pro_rich_snippets_disable_all":"","_seopress_pro_rich_snippets_disable":[],"_seopress_pro_schemas":[],"footnotes":""},"categories":[349],"tags":[],"class_list":["post-49863","post","type-post","status-publish","format-standard","has-post-thumbnail","hentry","category-noticias","generate-columns","tablet-grid-50","mobile-grid-100","grid-parent","grid-25","no-featured-image-padding"],"acf":[],"_links":{"self":[{"href":"https:\/\/padelspeak.com\/es\/wp-json\/wp\/v2\/posts\/49863","targetHints":{"allow":["GET"]}}],"collection":[{"href":"https:\/\/padelspeak.com\/es\/wp-json\/wp\/v2\/posts"}],"about":[{"href":"https:\/\/padelspeak.com\/es\/wp-json\/wp\/v2\/types\/post"}],"author":[{"embeddable":true,"href":"https:\/\/padelspeak.com\/es\/wp-json\/wp\/v2\/users\/1"}],"replies":[{"embeddable":true,"href":"https:\/\/padelspeak.com\/es\/wp-json\/wp\/v2\/comments?post=49863"}],"version-history":[{"count":1,"href":"https:\/\/padelspeak.com\/es\/wp-json\/wp\/v2\/posts\/49863\/revisions"}],"predecessor-version":[{"id":49864,"href":"https:\/\/padelspeak.com\/es\/wp-json\/wp\/v2\/posts\/49863\/revisions\/49864"}],"wp:featuredmedia":[{"embeddable":true,"href":"https:\/\/padelspeak.com\/es\/wp-json\/wp\/v2\/media\/49862"}],"wp:attachment":[{"href":"https:\/\/padelspeak.com\/es\/wp-json\/wp\/v2\/media?parent=49863"}],"wp:term":[{"taxonomy":"category","embeddable":true,"href":"https:\/\/padelspeak.com\/es\/wp-json\/wp\/v2\/categories?post=49863"},{"taxonomy":"post_tag","embeddable":true,"href":"https:\/\/padelspeak.com\/es\/wp-json\/wp\/v2\/tags?post=49863"}],"curies":[{"name":"wp","href":"https:\/\/api.w.org\/{rel}","templated":true}]}}